{"id":285,"date":"2025-09-17T08:02:22","date_gmt":"2025-09-17T06:02:22","guid":{"rendered":"https:\/\/u3w.kluczbork.pl\/?p=285"},"modified":"2025-09-17T08:02:24","modified_gmt":"2025-09-17T06:02:24","slug":"program-wykladow-w-i-semestrze-2025-2026","status":"publish","type":"post","link":"https:\/\/u3w.kluczbork.pl\/?p=285","title":{"rendered":"Program wyk\u0142ad\u00f3w w I semestrze 2025\/2026"},"content":{"rendered":"<div class=\"entry\">\n\n\n<p>Uniwersytet Trzeciego Wieku w Kluczborku<br>Wyk\u0142ady w roku akademickim 2025\/2026 semestr I<br>Wyk\u0142ady odbywa\u0107 si\u0119 b\u0119d\u0105 w AULI LICEUM OG\u00d3LNOKSZTA\u0141C\u0104CEGO<br>w Kluczborku ul. Mickiewicza 10<br>Pocz\u0105tek wyk\u0142ad\u00f3w wg harmonogramu<\/p>\n\n\n\n<figure class=\"wp-block-table\"><table class=\"has-fixed-layout\"><tbody><tr><td>lp.<\/td><td>data, godzina<\/td><td>temat wyk\u0142adu<\/td><td>prowadz\u0105cy wyk\u0142ad<\/td><\/tr><tr><td>1<\/td><td>09.10.2025r. <br>godz. 16.00<\/td><td>Inauguracja roku akademickiego 2025\/2026<\/td><td>UTW<\/td><\/tr><tr><td>2<\/td><td>23.10.2025r. <br>godz. 16.00<\/td><td>Nieodp\u0142atna pomoc prawna<\/td><td><\/td><\/tr><tr><td>3<\/td><td>06.11.2025r. <br>godz. 16.00<\/td><td>Szczepienia dla Senior\u00f3w<\/td><td>mgr Barbara M\u0142ynek<\/td><\/tr><tr><td>4<\/td><td>23.11.2025r. <br>godz. 16.00<\/td><td>Wyjazd na operetk\u0119 &#8222;Noc w Wenecji&#8221; do Cz\u0119stochowy<\/td><td><\/td><\/tr><tr><td>5<\/td><td>11.12.2025r. <br>godz. 16.00<\/td><td>ZUS Nowo\u015bci dla Senior\u00f3w<\/td><td>p. Katarzyna Darczy\u0144ska<\/td><\/tr><tr><td>6<\/td><td>08.01.2026r. <br>godz. 16.00<\/td><td>Spotkanie noworoczne<\/td><td>Zarz\u0105d UTW<\/td><\/tr><tr><td>7<\/td><td>01-15.02.2026r. <\/td><td>Ferie<\/td><td><\/td><\/tr><tr><td>8<\/td><td>05.03.2026r. <br>godz. 16.00<\/td><td>Walne Zgromadzenie cz\u0142onk\u00f3w UTW (sprawozdawcze)<\/td><td>UTW<\/td><\/tr><\/tbody><\/table><\/figure>\n\n\n<\/div>","protected":false},"excerpt":{"rendered":"<p>Uniwersytet Trzeciego Wieku w KluczborkuWyk\u0142ady w roku akademickim 2025\/2026 semestr IWyk\u0142ady odbywa\u0107 si\u0119 b\u0119d\u0105 w AULI LICEUM OG\u00d3LNOKSZTA\u0141C\u0104CEGOw Kluczborku ul. Mickiewicza 10Pocz\u0105tek wyk\u0142ad\u00f3w wg harmonogramu lp. data, godzina temat wyk\u0142adu prowadz\u0105cy wyk\u0142ad 1 09.10.2025r. godz. 16.00 Inauguracja roku akademickiego 2025\/2026 UTW 2 23.10.2025r. godz. 16.00 Nieodp\u0142atna pomoc prawna 3 06.11.2025r. godz. 16.00 Szczepienia dla Senior\u00f3w &#8230;<\/p>\n","protected":false},"author":2,"featured_media":0,"comment_status":"closed","ping_status":"closed","sticky":false,"template":"","format":"standard","meta":{"footnotes":""},"categories":[1],"tags":[],"class_list":{"0":"post-285","1":"post","2":"type-post","3":"status-publish","4":"format-standard","6":"category-bez-kategorii","7":"anons"},"_links":{"self":[{"href":"https:\/\/u3w.kluczbork.pl\/index.php?rest_route=\/wp\/v2\/posts\/285","targetHints":{"allow":["GET"]}}],"collection":[{"href":"https:\/\/u3w.kluczbork.pl\/index.php?rest_route=\/wp\/v2\/posts"}],"about":[{"href":"https:\/\/u3w.kluczbork.pl\/index.php?rest_route=\/wp\/v2\/types\/post"}],"author":[{"embeddable":true,"href":"https:\/\/u3w.kluczbork.pl\/index.php?rest_route=\/wp\/v2\/users\/2"}],"replies":[{"embeddable":true,"href":"https:\/\/u3w.kluczbork.pl\/index.php?rest_route=%2Fwp%2Fv2%2Fcomments&post=285"}],"version-history":[{"count":1,"href":"https:\/\/u3w.kluczbork.pl\/index.php?rest_route=\/wp\/v2\/posts\/285\/revisions"}],"predecessor-version":[{"id":286,"href":"https:\/\/u3w.kluczbork.pl\/index.php?rest_route=\/wp\/v2\/posts\/285\/revisions\/286"}],"wp:attachment":[{"href":"https:\/\/u3w.kluczbork.pl\/index.php?rest_route=%2Fwp%2Fv2%2Fmedia&parent=285"}],"wp:term":[{"taxonomy":"category","embeddable":true,"href":"https:\/\/u3w.kluczbork.pl\/index.php?rest_route=%2Fwp%2Fv2%2Fcategories&post=285"},{"taxonomy":"post_tag","embeddable":true,"href":"https:\/\/u3w.kluczbork.pl\/index.php?rest_route=%2Fwp%2Fv2%2Ftags&post=285"}],"curies":[{"name":"wp","href":"https:\/\/api.w.org\/{rel}","templated":true}]}}