{"id":400,"date":"2026-03-10T12:55:08","date_gmt":"2026-03-10T11:55:08","guid":{"rendered":"https:\/\/u3w.kluczbork.pl\/?p=400"},"modified":"2026-03-10T12:56:30","modified_gmt":"2026-03-10T11:56:30","slug":"wyklady-w-roku-akademickim-2025-2026-semestr-ii","status":"publish","type":"post","link":"https:\/\/u3w.kluczbork.pl\/?p=400","title":{"rendered":"Wyk\u0142ady w roku akademickim 2025\/2026 semestr II"},"content":{"rendered":"<div class=\"entry\">\n\n\n<p>Wyk\u0142ady odbywa\u0107 si\u0119 b\u0119d\u0105 w &nbsp;<strong>AULI &nbsp;LICEUM<\/strong><\/p>\n\n\n\n<p><strong>&nbsp; OG\u00d3LNOKSZTA\u0141C\u0104CEGO<\/strong><\/p>\n\n\n\n<p><strong>ul. Mickiewicza 10<\/strong> w Kluczborku<\/p>\n\n\n\n<p>Pocz\u0105tek wyk\u0142ad\u00f3w wg harmonogramu<\/p>\n\n\n\n<figure class=\"wp-block-table\"><table class=\"has-fixed-layout\"><tbody><tr><td>lp<\/td><td>Data godzina<\/td><td>Temat wyk\u0142adu<\/td><td>Prowadz\u0105cy<\/td><\/tr><tr><td>1<\/td><td>09.04.2026r.<br>Godz.16:00<\/td><td>\u201eJaki mamy wp\u0142yw na decyzje Unii Europejskiej\u201d<\/td><td>Pan Adiunkt<br>Filip Tereszkiewicz<\/td><\/tr><tr><td>2<\/td><td>14.05.2026r.<\/td><td>Wyjazd do Brzegu i Ma\u0142ujowic<\/td><td>UTW Kluczbork<\/td><\/tr><tr><td>3<\/td><td>18.06.2026r.<br>Godz.16:00<\/td><td>Zako\u0144czenie Roku Akademickiego UTW 2025\/2026<\/td><td>UTW Kluczbork<\/td><\/tr><tr><td>4<\/td><td>21.06-25.06.2026r.<\/td><td>Wyjazd integracyjny &nbsp;Muszyna -Krynica i okolice<\/td><td>UTW Kluczbork<\/td><\/tr><\/tbody><\/table><\/figure>\n\n\n<\/div>","protected":false},"excerpt":{"rendered":"<p>Wyk\u0142ady odbywa\u0107 si\u0119 b\u0119d\u0105 w &nbsp;AULI &nbsp;LICEUM &nbsp; OG\u00d3LNOKSZTA\u0141C\u0104CEGO ul. Mickiewicza 10 w Kluczborku Pocz\u0105tek wyk\u0142ad\u00f3w wg harmonogramu lp Data godzina Temat wyk\u0142adu Prowadz\u0105cy 1 09.04.2026r.Godz.16:00 \u201eJaki mamy wp\u0142yw na decyzje Unii Europejskiej\u201d Pan AdiunktFilip Tereszkiewicz 2 14.05.2026r. Wyjazd do Brzegu i Ma\u0142ujowic UTW Kluczbork 3 18.06.2026r.Godz.16:00 Zako\u0144czenie Roku Akademickiego UTW 2025\/2026 UTW Kluczbork 4 &#8230;<\/p>\n","protected":false},"author":2,"featured_media":0,"comment_status":"closed","ping_status":"closed","sticky":false,"template":"","format":"standard","meta":{"footnotes":""},"categories":[1],"tags":[],"class_list":{"0":"post-400","1":"post","2":"type-post","3":"status-publish","4":"format-standard","6":"category-bez-kategorii","7":"anons"},"_links":{"self":[{"href":"https:\/\/u3w.kluczbork.pl\/index.php?rest_route=\/wp\/v2\/posts\/400","targetHints":{"allow":["GET"]}}],"collection":[{"href":"https:\/\/u3w.kluczbork.pl\/index.php?rest_route=\/wp\/v2\/posts"}],"about":[{"href":"https:\/\/u3w.kluczbork.pl\/index.php?rest_route=\/wp\/v2\/types\/post"}],"author":[{"embeddable":true,"href":"https:\/\/u3w.kluczbork.pl\/index.php?rest_route=\/wp\/v2\/users\/2"}],"replies":[{"embeddable":true,"href":"https:\/\/u3w.kluczbork.pl\/index.php?rest_route=%2Fwp%2Fv2%2Fcomments&post=400"}],"version-history":[{"count":2,"href":"https:\/\/u3w.kluczbork.pl\/index.php?rest_route=\/wp\/v2\/posts\/400\/revisions"}],"predecessor-version":[{"id":402,"href":"https:\/\/u3w.kluczbork.pl\/index.php?rest_route=\/wp\/v2\/posts\/400\/revisions\/402"}],"wp:attachment":[{"href":"https:\/\/u3w.kluczbork.pl\/index.php?rest_route=%2Fwp%2Fv2%2Fmedia&parent=400"}],"wp:term":[{"taxonomy":"category","embeddable":true,"href":"https:\/\/u3w.kluczbork.pl\/index.php?rest_route=%2Fwp%2Fv2%2Fcategories&post=400"},{"taxonomy":"post_tag","embeddable":true,"href":"https:\/\/u3w.kluczbork.pl\/index.php?rest_route=%2Fwp%2Fv2%2Ftags&post=400"}],"curies":[{"name":"wp","href":"https:\/\/api.w.org\/{rel}","templated":true}]}}